{"id":7304,"date":"2022-12-06T10:22:49","date_gmt":"2022-12-06T09:22:49","guid":{"rendered":"https:\/\/ifcam-formation.fr\/blog\/2022\/12\/06\/the-learner-experience-approach-at-the-heart-of-the-csr-training-strategy\/"},"modified":"2023-02-17T13:52:30","modified_gmt":"2023-02-17T12:52:30","slug":"the-learner-experience-approach-at-the-heart-of-the-csr-training-strategy","status":"publish","type":"post","link":"https:\/\/ifcam-formation.fr\/en\/blog\/2022\/12\/06\/the-learner-experience-approach-at-the-heart-of-the-csr-training-strategy\/","title":{"rendered":"The Learner Experience approach at the heart of the CSR training strategy"},"content":{"rendered":"\n<p>&#8220;100% of employees and elected representatives trained in CSR issues&#8221;. This is <strong>one of the major commitments of the Cr\u00e9dit Agricole Group&#8217;s Corporate Social Responsibility Project<\/strong>, which aims to support the major changes in our society.<\/p>\n\n\n\n<p>As the Group&#8217;s University, our role is to <strong>support these transformations<\/strong>. This is why we have set up a unique system: a <strong>learning environment entirely dedicated to this project<\/strong>. The aim is to <strong>raise awareness<\/strong>, <strong>mobilise <\/strong>employees and elected representatives, <strong>individually and collectively, <\/strong>and <strong>train <\/strong>them in the changing nature of the business.<\/p>\n\n\n\n<p>How did we design this major and wide-ranging training scheme ? How did we take into account the Learning Experience with the ambition is to train more than 140,000 employees and elected representatives? How can we commit to the long term and offer a scalable system?<\/p>\n\n\n\n<p>Answers with Camille Besson, Training Designer, Doroth\u00e9e Cavignaux-Bros, Training Engineer and PhD in Education and Training Sciences and Faty Drider, Training Engineer.<\/p>\n\n\n\n<h2 class=\"wp-block-heading\"><strong>An approach centred on the learner experience&#8230;<\/strong><\/h2>\n\n\n\n<p>For the outset, it seemed important to us <strong>that the result should embody the principles of the Societal project <\/strong>and be part of a <strong>CSR approach. <\/strong>Our intentions are to demonstrate sobriety and frugality, to capitalise on good practices and existing resources, tried and tested by the Group, and of course, Je propose de simplifier : to take Into account stakeholders: sponsors, testers, learners, training departments, etc.<\/p>\n\n\n\n<p>It was therefore logical to begin our work with <strong>codesign workshops<\/strong>. With the help of personae representing our main training populations (employees, elected representatives, directors, managers), <strong>we formulated support hypotheses and we prototyped training systems<\/strong>. During design workshops, <strong>these courses were tested with learners<\/strong>. Their feedbacks enabled us to adjust the systems we had imagined, to real-life usage.<\/p>\n\n\n\n<p>At the same time, we were asked by our internal clients to design and produce <strong>a first deliverable: a core module &#8220;At the heart of the Societal Project&#8221;.<\/strong> This awareness-raising module aims to educate employees and elected representatives about the main societal issues and to present the responses provided by the Group. It was co-constructed with various players in the Group, the subsidiaries and the Regional Banks. It aims to mobilise learners around a common history and story, to (re)give meaning to our commitments in the context of the new corporate strategy.<\/p>\n\n\n\n<p>We have also created <strong>business training courses <\/strong>(Business and Public Authority Managers, Agricultural Advisors, Individual Advisors, etc.).<\/p>\n\n\n\n<p>Whether it is a question of measures aimed at all employees and elected representatives, or at specific professions, <strong>this approach of co-construction, inclusion and sharing has been our leitmotiv<\/strong>.<\/p>\n\n\n\n<p>The result is a new device with:<\/p>\n\n\n\n<ul class=\"wp-block-list\">\n<ul>\r\n \t<li><strong>A variety of resources<\/strong>: podcasts, webinars, e-learning, videos, articles, glossary&#8230;<\/li>\r\n<\/ul>\n\n\n\n<ul>\r\n \t<li><strong>Freedom of navigation <\/strong>and consultation for the learner,<\/li>\r\n<\/ul>\n\n\n\n<ul>\r\n \t<li><strong>Multiple possibilities of deployment and activities <\/strong>for the training departments of the entities according to their schedule and the implementation of the societal project in their territory.<\/li>\r\n<\/ul>\n<\/ul>\n\n\n\n<p>To facilitate access to all these resources, we have created a dedicated Learning Universe.<\/p>\n\n\n\n<h2 class=\"wp-block-heading\"><strong>Co-creation of a Learning Universe<\/strong><\/h2>\n\n\n\n<p>To create this universe, we set up a <strong>multidisciplinary project group <\/strong>to address all the dimensions, whether graphic, ergonomic, technical or educational. The objective was to <strong>centralise all the educational deliverables <\/strong>in a single space, but also to <strong>offer a fluid, useful, engaging and remarkable experience<\/strong>.<\/p>\n\n\n\n<p>As part of our LXD (Learner eXperience Design) approach, we carried out <strong>a large-scale test of <\/strong>the &#8220;At the heart of the societal project&#8221; module and the pages of the learning universe with a representative panel of learners. This was a great opportunity to get precise feedbacks on the module and to adjust our work to meet the needs as closely as possible.<\/p>\n\n\n<div class=\"wp-block-image\">\n<figure class=\"aligncenter size-large is-resized\"><img decoding=\"async\" src=\"https:\/\/ifcam-formation.fr\/wp-content\/uploads\/\/Projet-societal-1024x575.png\" alt=\"\" class=\"wp-image-7030\" width=\"800\" srcset=\"https:\/\/ifcam-formation.fr\/wp-content\/uploads\/Projet-societal-1024x575.png 1024w, https:\/\/ifcam-formation.fr\/wp-content\/uploads\/Projet-societal-300x168.png 300w, https:\/\/ifcam-formation.fr\/wp-content\/uploads\/Projet-societal-768x431.png 768w, https:\/\/ifcam-formation.fr\/wp-content\/uploads\/Projet-societal.png 1413w\" sizes=\"(max-width: 1024px) 100vw, 1024px\" \/><\/figure>\n<\/div>\n\n\n<h3 class=\"wp-block-heading\">The scientific approach<\/h3>\n\n\n\n<p>In a <strong>scientific and methodological approach<\/strong>, a protocol was created beforehand to prepare for this test, which made it possible to specify its scope and method.<\/p>\n\n\n\n<p>We therefore chose a mixed method to collect both quantitative and qualitative data. Several tools were used: <a href=\"https:\/\/www.usabilis.com\/quest-quun-questionnaire-attrakdiff\/\"><strong>the Attrakdiff* UX (User eXperience) questionnaire<\/strong><\/a> and our internal tool: the learner experience grid. We designed a questionnaire for each resource tested.<\/p>\n\n\n\n<h3 class=\"wp-block-heading\">The test protocol for the learner<\/h3>\n\n\n\n<p>First, following the module, the learner answered <strong>questions on structure, cognitive cost <\/strong>(concentration, mobilisation of resources), and <strong>understanding of the issues and pillars of the societal project<\/strong>. Then, the questionnaire included items on the learner&#8217;s perception of <strong>his or her role and commitment to the project<\/strong>.<\/p>\n\n\n\n<p>In a second step, he was guided to the Societal Project Universe page in order to test it and to answer a second questionnaire on the <strong>ergonomics and usability of the page<\/strong>.<\/p>\n\n\n\n<h3 class=\"wp-block-heading\">The specifics of test in an unusual learning space<\/h3>\n\n\n\n<p>As the structure of the universe was new, it was important to guide the learners very precisely. A simplified and signposted test path was put forward, focusing first on the titles, the organisation and the clickable zones. Our intention was to test the ergonomics of the page, i.e. <strong>the adaptation of a learning environment to the user&#8217;s needs<\/strong>. Indeed, if the learner is comfortable navigating the page, he will be able to access the content more easily and free up a significant load: <a href=\"https:\/\/ifcam-formation.fr\/blog\/2022\/07\/08\/comment-concevoir-slides-memorisation\/\"><strong>the extrinsic load<\/strong><\/a>.<\/p>\n\n\n\n<p>The next part of the questionnaire dealt <strong>with <\/strong><a href=\"https:\/\/www.usabilis.com\/definition-utilisabilite-usabilite\/#:~:text=%C2%AB%20L%27utilisabilit%C3%A9%20est%20le%20degr%C3%A9,contexte%20d%27utilisation%20sp%C3%A9cifi%C3%A9.%20%C2%BB\"><strong>usability<\/strong><\/a>. Usability is defined as &#8220;the degree to which a product can be used, by identified users, to achieve defined goals with effectiveness, efficiency and satisfaction, in a specific context of use&#8221;. Usability thus refers to the ability of a product to meet user expectations.<\/p>\n\n\n\n<p>These questionnaires were supplemented by focus groups of 6 to 8 learners who had tested the device and answered the questionnaires.<\/p>\n\n\n\n<p><strong>Thanks to the support of the Caisse R\u00e9gionale de Normandie&#8217;s teams, the selection of testers, the communication relays and the follow-ups, we obtained a significant response rate on the questionnaire associated with the e-learning module.<\/strong><\/p>\n\n\n\n<h2 class=\"wp-block-heading\"><strong>Results and conclusion<\/strong><\/h2>\n\n\n\n<p>The large-scale test enabled us to test our first deliverable and the learning space dedicated to the Societal Project; the results of the questionnaires and focus groups highlighted the strong points and areas for improvement.<\/p>\n\n\n\n<p>In quantitative terms, 85% of respondents recommended the module as is.<\/p>\n\n\n\n<p>Qualitatively, learners expressed in particular<\/p>\n\n\n\n<ul class=\"wp-block-list\">\n<ul>\r\n \t<li>The importance of allocating dedicated time to consult resources;<\/li>\r\n<\/ul>\n\n\n\n<ul>\r\n \t<li>Their necessary animation, for example through a managerial relay;<\/li>\r\n<\/ul>\n\n\n\n<ul>\r\n \t<li>The need to make a link with one&#8217;s professional practice<\/li>\r\n<\/ul>\n<\/ul>\n\n\n\n<p>Consideration of learner feedback was prioritised according to its feasibility. For example, we have:<\/p>\n\n\n\n<ul class=\"wp-block-list\">\n<ul>\r\n \t<li>Reduced the dynamic backgrounds, in order to make the module easier to read and understand.<\/li>\r\n<\/ul>\n\n\n\n<ul>\r\n \t<li>Clarified some key concepts and supported some examples.<\/li>\r\n<\/ul>\n\n\n\n<ul>\r\n \t<li>On the educational level, and in order to facilitate the retention of information, we have integrated training quizzes and a summary sheet at the end of the module.<\/li>\r\n<\/ul>\n\n\n\n<ul>\r\n \t<li>Finally, in response to the demand for contextualisation and a link with personal and professional practice and environment, we have added a link to the Ademe simulator to measure one&#8217;s own carbon footprint.<\/li>\r\n<\/ul>\n<\/ul>\n\n\n\n<p>The page was also adjusted. It is a dynamic space that will live on according to learners&#8217; uses and experiences.<\/p>\n\n\n\n<p>The learning world is a <strong>learning<\/strong>,<strong> moving, living and adaptive environment<\/strong>, just like the themes that are dealt with. This is what makes this project <strong>demanding, stimulating and exciting.<\/strong><\/p>\n\n\n\n<p>#Ensembleonyarrivera<\/p>\n\n\n\n<p><strong>Camille Besson<\/strong>, Training Designer<\/p>\n\n\n\n<p><strong>Doroth\u00e9e Cavignaux-Bros<\/strong>, Training Engineer and PhD in Education and Training Sciences.<\/p>\n\n\n\n<p><strong>Faty Drider<\/strong>, Training Engineer<\/p>\n\n\n\n<p>*Attrakdiff: Attrakdiff is a user experience evaluation questionnaire (translation Lallemand et al., 2015). This questionnaire is a reference tool in UX. It asks the user to spontaneously associate words with the page (e.g.: is the page rather pleasant or unpleasant?).<\/p>\n","protected":false},"excerpt":{"rendered":"<p>&#8220;100% of employees and elected representatives trained in CSR issues&#8221;. This is one of the major commitments of the Cr\u00e9dit Agricole Group&#8217;s Corporate Social Responsibility Project, which aims to support the major changes in our society. As the Group&#8217;s University, our role is to support these transformations. This is why we have set up a [&hellip;]<\/p>\n","protected":false},"author":16,"featured_media":7029,"comment_status":"open","ping_status":"open","sticky":false,"template":"","format":"standard","meta":{"_acf_changed":false,"footnotes":""},"categories":[302],"tags":[],"class_list":["post-7304","post","type-post","status-publish","format-standard","has-post-thumbnail","hentry","category-learner-experience"],"acf":[],"yoast_head":"<!-- This site is optimized with the Yoast SEO plugin v27.4 - https:\/\/yoast.com\/product\/yoast-seo-wordpress\/ -->\n<title>The Learner Experience approach at the heart of the CSR training strategy<\/title>\n<meta name=\"robots\" content=\"index, follow, max-snippet:-1, max-image-preview:large, max-video-preview:-1\" \/>\n<link rel=\"canonical\" href=\"https:\/\/ifcam-formation.fr\/en\/wp-json\/wp\/v2\/posts\/7304\" \/>\n<meta property=\"og:locale\" content=\"en_US\" \/>\n<meta property=\"og:type\" content=\"article\" \/>\n<meta property=\"og:title\" content=\"The Learner Experience approach at the heart of the CSR training strategy\" \/>\n<meta property=\"og:description\" content=\"&#8220;100% of employees and elected representatives trained in CSR issues&#8221;. This is one of the major commitments of the Cr\u00e9dit Agricole Group&#8217;s Corporate Social Responsibility Project, which aims to support the major changes in our society. As the Group&#8217;s University, our role is to support these transformations. This is why we have set up a [&hellip;]\" \/>\n<meta property=\"og:url\" content=\"https:\/\/ifcam-formation.fr\/en\/blog\/2022\/12\/06\/the-learner-experience-approach-at-the-heart-of-the-csr-training-strategy\/\" \/>\n<meta property=\"og:site_name\" content=\"Ifcam\" \/>\n<meta property=\"article:published_time\" content=\"2022-12-06T09:22:49+00:00\" \/>\n<meta property=\"article:modified_time\" content=\"2023-02-17T12:52:30+00:00\" \/>\n<meta property=\"og:image\" content=\"https:\/\/ifcam-formation.fr\/wp-content\/uploads\/Cover-Projet-societal.png\" \/>\n\t<meta property=\"og:image:width\" content=\"1410\" \/>\n\t<meta property=\"og:image:height\" content=\"805\" \/>\n\t<meta property=\"og:image:type\" content=\"image\/png\" \/>\n<meta name=\"author\" content=\"Pauline H HUBERT\" \/>\n<meta name=\"twitter:card\" content=\"summary_large_image\" \/>\n<meta name=\"twitter:label1\" content=\"Written by\" \/>\n\t<meta name=\"twitter:data1\" content=\"Pauline H HUBERT\" \/>\n\t<meta name=\"twitter:label2\" content=\"Est. reading time\" \/>\n\t<meta name=\"twitter:data2\" content=\"7 minutes\" \/>\n<script type=\"application\/ld+json\" class=\"yoast-schema-graph\">{\"@context\":\"https:\\\/\\\/schema.org\",\"@graph\":[{\"@type\":\"Article\",\"@id\":\"https:\\\/\\\/ifcam-formation.fr\\\/en\\\/blog\\\/2022\\\/12\\\/06\\\/the-learner-experience-approach-at-the-heart-of-the-csr-training-strategy\\\/#article\",\"isPartOf\":{\"@id\":\"https:\\\/\\\/ifcam-formation.fr\\\/en\\\/blog\\\/2022\\\/12\\\/06\\\/the-learner-experience-approach-at-the-heart-of-the-csr-training-strategy\\\/\"},\"author\":{\"name\":\"Pauline H HUBERT\",\"@id\":\"https:\\\/\\\/ifcam-formation.fr\\\/#\\\/schema\\\/person\\\/695cbe9a6afada74d8bf869fff13dc68\"},\"headline\":\"The Learner Experience approach at the heart of the CSR training strategy\",\"datePublished\":\"2022-12-06T09:22:49+00:00\",\"dateModified\":\"2023-02-17T12:52:30+00:00\",\"mainEntityOfPage\":{\"@id\":\"https:\\\/\\\/ifcam-formation.fr\\\/en\\\/blog\\\/2022\\\/12\\\/06\\\/the-learner-experience-approach-at-the-heart-of-the-csr-training-strategy\\\/\"},\"wordCount\":1270,\"commentCount\":0,\"image\":{\"@id\":\"https:\\\/\\\/ifcam-formation.fr\\\/en\\\/blog\\\/2022\\\/12\\\/06\\\/the-learner-experience-approach-at-the-heart-of-the-csr-training-strategy\\\/#primaryimage\"},\"thumbnailUrl\":\"https:\\\/\\\/ifcam-formation.fr\\\/wp-content\\\/uploads\\\/Cover-Projet-societal.png\",\"articleSection\":[\"Learner experience\"],\"inLanguage\":\"en-US\",\"potentialAction\":[{\"@type\":\"CommentAction\",\"name\":\"Comment\",\"target\":[\"https:\\\/\\\/ifcam-formation.fr\\\/en\\\/blog\\\/2022\\\/12\\\/06\\\/the-learner-experience-approach-at-the-heart-of-the-csr-training-strategy\\\/#respond\"]}]},{\"@type\":\"WebPage\",\"@id\":\"https:\\\/\\\/ifcam-formation.fr\\\/en\\\/blog\\\/2022\\\/12\\\/06\\\/the-learner-experience-approach-at-the-heart-of-the-csr-training-strategy\\\/\",\"url\":\"https:\\\/\\\/ifcam-formation.fr\\\/en\\\/blog\\\/2022\\\/12\\\/06\\\/the-learner-experience-approach-at-the-heart-of-the-csr-training-strategy\\\/\",\"name\":\"The Learner Experience approach at the heart of the CSR training strategy\",\"isPartOf\":{\"@id\":\"https:\\\/\\\/ifcam-formation.fr\\\/#website\"},\"primaryImageOfPage\":{\"@id\":\"https:\\\/\\\/ifcam-formation.fr\\\/en\\\/blog\\\/2022\\\/12\\\/06\\\/the-learner-experience-approach-at-the-heart-of-the-csr-training-strategy\\\/#primaryimage\"},\"image\":{\"@id\":\"https:\\\/\\\/ifcam-formation.fr\\\/en\\\/blog\\\/2022\\\/12\\\/06\\\/the-learner-experience-approach-at-the-heart-of-the-csr-training-strategy\\\/#primaryimage\"},\"thumbnailUrl\":\"https:\\\/\\\/ifcam-formation.fr\\\/wp-content\\\/uploads\\\/Cover-Projet-societal.png\",\"datePublished\":\"2022-12-06T09:22:49+00:00\",\"dateModified\":\"2023-02-17T12:52:30+00:00\",\"author\":{\"@id\":\"https:\\\/\\\/ifcam-formation.fr\\\/#\\\/schema\\\/person\\\/695cbe9a6afada74d8bf869fff13dc68\"},\"inLanguage\":\"en-US\",\"potentialAction\":[{\"@type\":\"ReadAction\",\"target\":[\"https:\\\/\\\/ifcam-formation.fr\\\/en\\\/blog\\\/2022\\\/12\\\/06\\\/the-learner-experience-approach-at-the-heart-of-the-csr-training-strategy\\\/\"]}]},{\"@type\":\"ImageObject\",\"inLanguage\":\"en-US\",\"@id\":\"https:\\\/\\\/ifcam-formation.fr\\\/en\\\/blog\\\/2022\\\/12\\\/06\\\/the-learner-experience-approach-at-the-heart-of-the-csr-training-strategy\\\/#primaryimage\",\"url\":\"https:\\\/\\\/ifcam-formation.fr\\\/wp-content\\\/uploads\\\/Cover-Projet-societal.png\",\"contentUrl\":\"https:\\\/\\\/ifcam-formation.fr\\\/wp-content\\\/uploads\\\/Cover-Projet-societal.png\",\"width\":1410,\"height\":805,\"caption\":\"La d\u00e9marche Exp\u00e9rience Apprenant au c\u0153ur de la strat\u00e9gie de formation RSE\"},{\"@type\":\"WebSite\",\"@id\":\"https:\\\/\\\/ifcam-formation.fr\\\/#website\",\"url\":\"https:\\\/\\\/ifcam-formation.fr\\\/\",\"name\":\"Ifcam\",\"description\":\"Le Blog de la formation professionnelle par l&#039;IFCAM\",\"potentialAction\":[{\"@type\":\"SearchAction\",\"target\":{\"@type\":\"EntryPoint\",\"urlTemplate\":\"https:\\\/\\\/ifcam-formation.fr\\\/?s={search_term_string}\"},\"query-input\":{\"@type\":\"PropertyValueSpecification\",\"valueRequired\":true,\"valueName\":\"search_term_string\"}}],\"inLanguage\":\"en-US\"},{\"@type\":\"Person\",\"@id\":\"https:\\\/\\\/ifcam-formation.fr\\\/#\\\/schema\\\/person\\\/695cbe9a6afada74d8bf869fff13dc68\",\"name\":\"Pauline H HUBERT\",\"image\":{\"@type\":\"ImageObject\",\"inLanguage\":\"en-US\",\"@id\":\"https:\\\/\\\/secure.gravatar.com\\\/avatar\\\/8ca4e3740b9c83cbebe7bc9c3f9b85c9d3a49fec489f923d031f7b4e2a36523e?s=96&d=mm&r=g\",\"url\":\"https:\\\/\\\/secure.gravatar.com\\\/avatar\\\/8ca4e3740b9c83cbebe7bc9c3f9b85c9d3a49fec489f923d031f7b4e2a36523e?s=96&d=mm&r=g\",\"contentUrl\":\"https:\\\/\\\/secure.gravatar.com\\\/avatar\\\/8ca4e3740b9c83cbebe7bc9c3f9b85c9d3a49fec489f923d031f7b4e2a36523e?s=96&d=mm&r=g\",\"caption\":\"Pauline H HUBERT\"}}]}<\/script>\n<!-- \/ Yoast SEO plugin. -->","yoast_head_json":{"title":"The Learner Experience approach at the heart of the CSR training strategy","robots":{"index":"index","follow":"follow","max-snippet":"max-snippet:-1","max-image-preview":"max-image-preview:large","max-video-preview":"max-video-preview:-1"},"canonical":"https:\/\/ifcam-formation.fr\/en\/wp-json\/wp\/v2\/posts\/7304","og_locale":"en_US","og_type":"article","og_title":"The Learner Experience approach at the heart of the CSR training strategy","og_description":"&#8220;100% of employees and elected representatives trained in CSR issues&#8221;. This is one of the major commitments of the Cr\u00e9dit Agricole Group&#8217;s Corporate Social Responsibility Project, which aims to support the major changes in our society. As the Group&#8217;s University, our role is to support these transformations. This is why we have set up a [&hellip;]","og_url":"https:\/\/ifcam-formation.fr\/en\/blog\/2022\/12\/06\/the-learner-experience-approach-at-the-heart-of-the-csr-training-strategy\/","og_site_name":"Ifcam","article_published_time":"2022-12-06T09:22:49+00:00","article_modified_time":"2023-02-17T12:52:30+00:00","og_image":[{"width":1410,"height":805,"url":"https:\/\/ifcam-formation.fr\/wp-content\/uploads\/Cover-Projet-societal.png","type":"image\/png"}],"author":"Pauline H HUBERT","twitter_card":"summary_large_image","twitter_misc":{"Written by":"Pauline H HUBERT","Est. reading time":"7 minutes"},"schema":{"@context":"https:\/\/schema.org","@graph":[{"@type":"Article","@id":"https:\/\/ifcam-formation.fr\/en\/blog\/2022\/12\/06\/the-learner-experience-approach-at-the-heart-of-the-csr-training-strategy\/#article","isPartOf":{"@id":"https:\/\/ifcam-formation.fr\/en\/blog\/2022\/12\/06\/the-learner-experience-approach-at-the-heart-of-the-csr-training-strategy\/"},"author":{"name":"Pauline H HUBERT","@id":"https:\/\/ifcam-formation.fr\/#\/schema\/person\/695cbe9a6afada74d8bf869fff13dc68"},"headline":"The Learner Experience approach at the heart of the CSR training strategy","datePublished":"2022-12-06T09:22:49+00:00","dateModified":"2023-02-17T12:52:30+00:00","mainEntityOfPage":{"@id":"https:\/\/ifcam-formation.fr\/en\/blog\/2022\/12\/06\/the-learner-experience-approach-at-the-heart-of-the-csr-training-strategy\/"},"wordCount":1270,"commentCount":0,"image":{"@id":"https:\/\/ifcam-formation.fr\/en\/blog\/2022\/12\/06\/the-learner-experience-approach-at-the-heart-of-the-csr-training-strategy\/#primaryimage"},"thumbnailUrl":"https:\/\/ifcam-formation.fr\/wp-content\/uploads\/Cover-Projet-societal.png","articleSection":["Learner experience"],"inLanguage":"en-US","potentialAction":[{"@type":"CommentAction","name":"Comment","target":["https:\/\/ifcam-formation.fr\/en\/blog\/2022\/12\/06\/the-learner-experience-approach-at-the-heart-of-the-csr-training-strategy\/#respond"]}]},{"@type":"WebPage","@id":"https:\/\/ifcam-formation.fr\/en\/blog\/2022\/12\/06\/the-learner-experience-approach-at-the-heart-of-the-csr-training-strategy\/","url":"https:\/\/ifcam-formation.fr\/en\/blog\/2022\/12\/06\/the-learner-experience-approach-at-the-heart-of-the-csr-training-strategy\/","name":"The Learner Experience approach at the heart of the CSR training strategy","isPartOf":{"@id":"https:\/\/ifcam-formation.fr\/#website"},"primaryImageOfPage":{"@id":"https:\/\/ifcam-formation.fr\/en\/blog\/2022\/12\/06\/the-learner-experience-approach-at-the-heart-of-the-csr-training-strategy\/#primaryimage"},"image":{"@id":"https:\/\/ifcam-formation.fr\/en\/blog\/2022\/12\/06\/the-learner-experience-approach-at-the-heart-of-the-csr-training-strategy\/#primaryimage"},"thumbnailUrl":"https:\/\/ifcam-formation.fr\/wp-content\/uploads\/Cover-Projet-societal.png","datePublished":"2022-12-06T09:22:49+00:00","dateModified":"2023-02-17T12:52:30+00:00","author":{"@id":"https:\/\/ifcam-formation.fr\/#\/schema\/person\/695cbe9a6afada74d8bf869fff13dc68"},"inLanguage":"en-US","potentialAction":[{"@type":"ReadAction","target":["https:\/\/ifcam-formation.fr\/en\/blog\/2022\/12\/06\/the-learner-experience-approach-at-the-heart-of-the-csr-training-strategy\/"]}]},{"@type":"ImageObject","inLanguage":"en-US","@id":"https:\/\/ifcam-formation.fr\/en\/blog\/2022\/12\/06\/the-learner-experience-approach-at-the-heart-of-the-csr-training-strategy\/#primaryimage","url":"https:\/\/ifcam-formation.fr\/wp-content\/uploads\/Cover-Projet-societal.png","contentUrl":"https:\/\/ifcam-formation.fr\/wp-content\/uploads\/Cover-Projet-societal.png","width":1410,"height":805,"caption":"La d\u00e9marche Exp\u00e9rience Apprenant au c\u0153ur de la strat\u00e9gie de formation RSE"},{"@type":"WebSite","@id":"https:\/\/ifcam-formation.fr\/#website","url":"https:\/\/ifcam-formation.fr\/","name":"Ifcam","description":"Le Blog de la formation professionnelle par l&#039;IFCAM","potentialAction":[{"@type":"SearchAction","target":{"@type":"EntryPoint","urlTemplate":"https:\/\/ifcam-formation.fr\/?s={search_term_string}"},"query-input":{"@type":"PropertyValueSpecification","valueRequired":true,"valueName":"search_term_string"}}],"inLanguage":"en-US"},{"@type":"Person","@id":"https:\/\/ifcam-formation.fr\/#\/schema\/person\/695cbe9a6afada74d8bf869fff13dc68","name":"Pauline H HUBERT","image":{"@type":"ImageObject","inLanguage":"en-US","@id":"https:\/\/secure.gravatar.com\/avatar\/8ca4e3740b9c83cbebe7bc9c3f9b85c9d3a49fec489f923d031f7b4e2a36523e?s=96&d=mm&r=g","url":"https:\/\/secure.gravatar.com\/avatar\/8ca4e3740b9c83cbebe7bc9c3f9b85c9d3a49fec489f923d031f7b4e2a36523e?s=96&d=mm&r=g","contentUrl":"https:\/\/secure.gravatar.com\/avatar\/8ca4e3740b9c83cbebe7bc9c3f9b85c9d3a49fec489f923d031f7b4e2a36523e?s=96&d=mm&r=g","caption":"Pauline H HUBERT"}}]}},"_links":{"self":[{"href":"https:\/\/ifcam-formation.fr\/en\/wp-json\/wp\/v2\/posts\/7304","targetHints":{"allow":["GET"]}}],"collection":[{"href":"https:\/\/ifcam-formation.fr\/en\/wp-json\/wp\/v2\/posts"}],"about":[{"href":"https:\/\/ifcam-formation.fr\/en\/wp-json\/wp\/v2\/types\/post"}],"author":[{"embeddable":true,"href":"https:\/\/ifcam-formation.fr\/en\/wp-json\/wp\/v2\/users\/16"}],"replies":[{"embeddable":true,"href":"https:\/\/ifcam-formation.fr\/en\/wp-json\/wp\/v2\/comments?post=7304"}],"version-history":[{"count":4,"href":"https:\/\/ifcam-formation.fr\/en\/wp-json\/wp\/v2\/posts\/7304\/revisions"}],"predecessor-version":[{"id":7310,"href":"https:\/\/ifcam-formation.fr\/en\/wp-json\/wp\/v2\/posts\/7304\/revisions\/7310"}],"wp:featuredmedia":[{"embeddable":true,"href":"https:\/\/ifcam-formation.fr\/en\/wp-json\/wp\/v2\/media\/7029"}],"wp:attachment":[{"href":"https:\/\/ifcam-formation.fr\/en\/wp-json\/wp\/v2\/media?parent=7304"}],"wp:term":[{"taxonomy":"category","embeddable":true,"href":"https:\/\/ifcam-formation.fr\/en\/wp-json\/wp\/v2\/categories?post=7304"},{"taxonomy":"post_tag","embeddable":true,"href":"https:\/\/ifcam-formation.fr\/en\/wp-json\/wp\/v2\/tags?post=7304"}],"curies":[{"name":"wp","href":"https:\/\/api.w.org\/{rel}","templated":true}]}}